{"id":364,"date":"2026-03-05T09:43:37","date_gmt":"2026-03-05T09:43:37","guid":{"rendered":"https:\/\/rentnbuy.com\/blog\/?p=364"},"modified":"2026-03-05T09:43:38","modified_gmt":"2026-03-05T09:43:38","slug":"cartierul-tractorul-brasov","status":"publish","type":"post","link":"https:\/\/rentnbuy.com\/blog\/cartierul-tractorul-brasov\/","title":{"rendered":"Cartierul Tractorul din Bra\u0219ov: cum s a schimbat \u0219i de ce e at\u00e2t de c\u0103utat"},"content":{"rendered":"\n<p>Tractorul este unul dintre cartierele Bra\u0219ovului care au trecut printr o schimbare vizibil\u0103: de la identitate industrial\u0103 la zon\u0103 reziden\u021bial\u0103 \u0219i comercial\u0103 puternic\u0103, cu un nucleu modern \u00een jurul Coresi. Asta \u00eel face atractiv pentru oameni care vor o rutin\u0103 simpl\u0103, servicii la distan\u021b\u0103 scurt\u0103 \u0219i acces bun c\u0103tre restul ora\u0219ului.<\/p>\n\n\n\n<p>Cartierul are \u0219i o poveste clar\u0103, legat\u0103 de fosta platform\u0103 industrial\u0103 Uzina Tractorul, \u00eenfiin\u021bat\u0103 ini\u021bial ca fabric\u0103 \u00een 1925 \u0219i devenit\u0103 ulterior un reper al ora\u0219ului.<\/p>\n\n\n\n<h2 class=\"wp-block-heading\">Unde este situat Tractorul \u0219i cum este organizat<\/h2>\n\n\n\n<p>\u00cen practic\u0103, <a href=\"https:\/\/rentnbuy.com\/s\/vanzari\/imobiliare\/judetul-brasov\/brasov\/tractorul\">Tractorul<\/a> se cite\u0219te u\u0219or pe hart\u0103 prin c\u00e2teva repere \u0219i axe:<\/p>\n\n\n\n<ul class=\"wp-block-list\">\n<li><strong>Bulevardul 13 Decembrie<\/strong>, una dintre arterele principale ale zonei<\/li>\n\n\n\n<li>zona <strong>Saturn<\/strong>, folosit\u0103 des ca reper local<\/li>\n\n\n\n<li>zona <strong>Coresi<\/strong>, care a devenit un pol reziden\u021bial \u0219i comercial \u00een interiorul cartierului, motiv pentru care mul\u021bi folosesc \u201eTractorul\u201d \u0219i \u201eCoresi\u201d aproape ca sinonime, de\u0219i Coresi este de fapt un nucleu \u00een cadrul cartierului.<\/li>\n<\/ul>\n\n\n\n<p>Diferen\u021ba util\u0103 pentru cine caut\u0103 locuin\u021b\u0103: \u00een Tractorul \u201eclasic\u201d ai mult fond construit mai vechi, iar \u00een zona Coresi g\u0103se\u0219ti mai des ansambluri noi \u0219i infrastructur\u0103 recent\u0103.<\/p>\n\n\n\n<h2 class=\"wp-block-heading\">Evolu\u021bia urban\u0103: de la platform\u0103 industrial\u0103 la cartier mixt<\/h2>\n\n\n\n<p>Reconversia fostei platforme industriale a schimbat mult zona: au ap\u0103rut spa\u021bii comerciale, birouri, locuin\u021be \u0219i zone verzi, \u00eentr un proiect de regenerare urban\u0103 care a devenit un exemplu local de transformare.<\/p>\n\n\n\n<p>Consecin\u021ba pentru locuire este simpl\u0103: \u00een anumite microzone, ai mai multe servicii \u00een proximitate, str\u0103zi mai bine g\u00e2ndite \u0219i un flux constant de oameni, ceea ce influen\u021beaz\u0103 direct cererea la chirie \u0219i cump\u0103rare.<\/p>\n\n\n\n<h2 class=\"wp-block-heading\">Transport \u0219i conectivitate \u00een Tractorul<\/h2>\n\n\n\n<p>Transportul public este unul dintre motivele pentru care Tractorul e ales des. Un reper practic este <strong>linia 32<\/strong>, care a fost configurat\u0103 s\u0103 deserveasc\u0103 inclusiv <a href=\"https:\/\/rentnbuy.com\/s\/vanzari\/imobiliare\/judetul-brasov\/brasov\/tractorul\">zona Coresi<\/a>, cu traseu care leag\u0103 Valea Cet\u0103\u021bii, Spitalul Jude\u021bean, Gara, F\u0103get, Tractorul \u0219i Coresi.<\/p>\n\n\n\n<p>Dac\u0103 vrei s\u0103 evaluezi realist o adres\u0103, verific\u0103 distan\u021ba p\u00e2n\u0103 la sta\u021biile de pe 13 Decembrie \u0219i p\u00e2n\u0103 la punctele care te intereseaz\u0103 zilnic (Gara, centru, job). Exist\u0103 \u0219i ghiduri de orientare pe transport public pentru zona Strada 13 Decembrie, cu liste de linii care ajut\u0103 la planificare.<\/p>\n\n\n\n<h2 class=\"wp-block-heading\">Spa\u021bii verzi \u0219i relaxare: Parcul Sportivilor, Parcul Tractorul<\/h2>\n\n\n\n<p>Un reper mare al zonei este <strong>Parcul Sportivilor<\/strong>, cunoscut \u0219i ca Parcul Tractorul. Este men\u021bionat ca parte a zonelor de agrement ale ora\u0219ului \u0219i include \u0219i Patinoarul Olimpic, amplasat \u00een incinta parcului.<\/p>\n\n\n\n<p>\u00cen descrierile publice, parcul este prezentat ca av\u00e2nd aproximativ 40 de hectare \u0219i fiind amenajat \u00een anii \u201980, ceea ce \u00eel face relevant ca spa\u021biu verde mare pentru cartier.<\/p>\n\n\n\n<h2 class=\"wp-block-heading\">Comer\u021b \u0219i via\u021ba de zi cu zi: efectul Coresi<\/h2>\n\n\n\n<p>Zona Coresi func\u021bioneaz\u0103 ca un \u201emagnet\u201d pentru cump\u0103r\u0103turi, servicii \u0219i \u00eent\u00e2lniri. Pentru mul\u021bi reziden\u021bi, asta \u00eenseamn\u0103 mai pu\u021bine drumuri \u00een alte cartiere pentru lucrurile de baz\u0103, mai ales dac\u0103 locuiesc la distan\u021b\u0103 de mers pe jos de zona comercial\u0103. Reconversia platformei \u00een mall, birouri \u0219i locuin\u021be este documentat\u0103 explicit \u00een materialele despre regenerarea urban\u0103 a zonei.<\/p>\n\n\n\n<h2 class=\"wp-block-heading\">Comunitate, atmosfer\u0103 \u0219i ce merit\u0103 verificat la fa\u021ba locului<\/h2>\n\n\n\n<p>Tractorul are microzone cu atmosfere diferite, iar \u201ecum e cartierul\u201d depinde mult de strada exact\u0103. Un set scurt de <a href=\"https:\/\/rentnbuy.com\/blog\/ce-trebuie-sa-stii-cumperi-un-apartament\/\">verific\u0103ri<\/a> care \u00ee\u021bi economise\u0219te timp:<\/p>\n\n\n\n<ul class=\"wp-block-list\">\n<li>nivelul de zgomot, mai ales dac\u0103 e\u0219ti aproape de bulevarde mari<\/li>\n\n\n\n<li>parcarea dup\u0103 18:00, mai ales \u00een zonele cu blocuri vechi<\/li>\n\n\n\n<li>scara blocului \u0219i administrarea, semnalele se v\u0103d rapid \u00een \u00eentre\u021binere \u0219i ordine<\/li>\n<\/ul>\n\n\n\n<p>\u00cen zonele cu dezvolt\u0103ri noi, verific\u0103 \u0219i traficul de acces \u00een orele de v\u00e2rf, pentru c\u0103 densitatea cre\u0219te constant.<\/p>\n\n\n\n<h2 class=\"wp-block-heading\">Pia\u021ba imobiliar\u0103 \u00een Tractorul: ce tipuri de locuin\u021be g\u0103se\u0219ti \u0219i ce mi\u0219c\u0103 pre\u021bul<\/h2>\n\n\n\n<p>\u00cen Tractorul, pia\u021ba se \u00eemparte de obicei \u00een dou\u0103:<\/p>\n\n\n\n<ol class=\"wp-block-list\">\n<li><strong>Fond construit mai vechi<\/strong>: blocuri cu compartiment\u0103ri clasice, unde diferen\u021ba de atractivitate se face prin stare, scar\u0103, etaj, orientare \u0219i proximitate fa\u021b\u0103 de artere.<\/li>\n\n\n\n<li><strong>Ansambluri noi, mai ales \u00een zona Coresi<\/strong>: unde conteaz\u0103 mult parcarea, izolarea fonic\u0103, expunerea la bulevard \u0219i distan\u021ba real\u0103 p\u00e2n\u0103 la punctele de interes (servicii, sta\u021bii, parc).<\/li>\n<\/ol>\n\n\n\n<p>Logica de investi\u021bie este sus\u021binut\u0103 de mixul de locuire, servicii \u0219i conectivitate creat prin reconversia platformei.<\/p>\n\n\n\n<h2 class=\"wp-block-heading\">Avantaje \u0219i aspecte de luat \u00een calcul \u00eenainte de mutare<\/h2>\n\n\n\n<p><strong>Avantaje clare<\/strong><\/p>\n\n\n\n<ul class=\"wp-block-list\">\n<li>acces bun la transport public \u0219i trasee care includ zona Coresi<\/li>\n\n\n\n<li>spa\u021biu verde mare, folosit ca reper al cartierului<\/li>\n\n\n\n<li>servicii \u0219i cump\u0103r\u0103turi concentrate \u00een jurul nucleului reconvertit<\/li>\n<\/ul>\n\n\n\n<p><strong>De verificat<\/strong><\/p>\n\n\n\n<ul class=\"wp-block-list\">\n<li>parcarea, mai ales \u00een microzonele cu blocuri vechi<\/li>\n\n\n\n<li>zgomotul, dac\u0103 e\u0219ti lipit de 13 Decembrie sau alte artere<\/li>\n\n\n\n<li>actele, extrasul de carte funciar\u0103, istoricul modific\u0103rilor din apartament \u0219i claritatea drepturilor de parcare, dac\u0103 sunt prezentate ca avantaj<\/li>\n<\/ul>\n\n\n\n<h2 class=\"wp-block-heading\">Tractorul comparat cu alte zone din Bra\u0219ov<\/h2>\n\n\n\n<p>Fa\u021b\u0103 de cartierele mai vechi \u0219i mai centrale, Tractorul c\u00e2\u0219tig\u0103 adesea la capitolul infrastructur\u0103 comercial\u0103 \u0219i ritm modern, \u00een special \u00een proximitatea zonei Coresi. Fa\u021b\u0103 de zonele de la margine, avantajul este stratul de servicii deja construit \u0219i conexiunile c\u0103tre puncte cheie, precum Gara, sus\u021binute de trasee de transport.<\/p>\n\n\n\n<h2 class=\"wp-block-heading\">\u00centreb\u0103ri frecvente despre cartierul Tractorul din Bra\u0219ov<\/h2>\n\n\n\n<p><strong>Unde este situat cartierul Tractorul?<\/strong><br>\u00cen partea de vest \u0219i nord vest a Bra\u0219ovului, cu repere puternice pe Bulevardul 13 Decembrie \u0219i \u00een zona Coresi.<\/p>\n\n\n\n<p><strong>De ce este asociat Tractorul cu Coresi?<\/strong><br>Pentru c\u0103 fosta platform\u0103 industrial\u0103 a fost reconvertit\u0103 \u00eentr un pol cu mall, birouri, locuin\u021be \u0219i spa\u021bii verzi, care a devenit reper major al zonei.<\/p>\n\n\n\n<p><strong>Cum st\u0103 Tractorul la transport public?<\/strong><br>Exist\u0103 trasee care leag\u0103 direct cartierul de zone importante ale ora\u0219ului, inclusiv o configurare a liniei 32 care include Coresi \u00een traseu.<\/p>\n\n\n\n<p><strong>Care este cel mai important parc din zon\u0103?<\/strong><br>Parcul Sportivilor, cunoscut \u0219i ca Parcul Tractorul, este unul dintre reperele mari de agrement \u0219i include \u0219i Patinoarul Olimpic.<\/p>\n\n\n\n<p><strong>Care e provocarea principal\u0103 c\u00e2nd alegi o locuin\u021b\u0103 \u00een Tractorul?<\/strong><br>De obicei, parcarea \u0219i expunerea la zgomot, plus diferen\u021bele mari \u00eentre microzone, de la str\u0103zi interioare lini\u0219tite la bulevarde cu trafic.<\/p>\n\n\n\n<h2 class=\"wp-block-heading\">Vezi anun\u021burile din Tractorul pe rentnbuy<\/h2>\n\n\n\n<p>Dac\u0103 vrei s\u0103 cau\u021bi eficient, separ\u0103 din start zona Coresi de Tractorul clasic, apoi filtreaz\u0103 dup\u0103 proximitate fa\u021b\u0103 de 13 Decembrie, parc \u0219i sta\u021biile care conteaz\u0103 pentru rutina ta. Dup\u0103 shortlist, verific\u0103 actele \u00eenainte de vizion\u0103ri repetate.<\/p>\n","protected":false},"excerpt":{"rendered":"<p>Tractorul este unul dintre cartierele Bra\u0219ovului care au trecut printr o schimbare vizibil\u0103: de la identitate industrial\u0103 la zon\u0103 reziden\u021bial\u0103 \u0219i comercial\u0103 puternic\u0103, cu un nucleu modern \u00een jurul Coresi.&hellip;<\/p>\n","protected":false},"author":1,"featured_media":365,"comment_status":"open","ping_status":"open","sticky":false,"template":"","format":"standard","meta":{"footnotes":""},"categories":[48],"tags":[32,24,18],"class_list":["post-364","post","type-post","status-publish","format-standard","has-post-thumbnail","hentry","category-vanzari-directe","tag-anunturi-imobiliare-fara-comisioane","tag-direct-proprietar","tag-rentnbuy"],"yoast_head":"<!-- This site is optimized with the Yoast SEO plugin v26.0 - https:\/\/yoast.com\/wordpress\/plugins\/seo\/ -->\n<title>Cartierul Tractorul din Brasov: zona Coresi, transport, parcuri<\/title>\n<meta name=\"description\" content=\"Ghid practic despre Tractorul, Brasov: unde este, microzone, transport, spa\u021bii verzi, \u0219coli, cump\u0103r\u0103turi, atmosfer\u0103 \u0219i ce s\u0103 verifici\" \/>\n<meta name=\"robots\" content=\"index, follow, max-snippet:-1, max-image-preview:large, max-video-preview:-1\" \/>\n<link rel=\"canonical\" href=\"https:\/\/rentnbuy.com\/blog\/cartierul-tractorul-brasov\/\" \/>\n<meta property=\"og:locale\" content=\"en_US\" \/>\n<meta property=\"og:type\" content=\"article\" \/>\n<meta property=\"og:title\" content=\"Cartierul Tractorul din Brasov: zona Coresi, transport, parcuri\" \/>\n<meta property=\"og:description\" content=\"Ghid practic despre Tractorul, Brasov: unde este, microzone, transport, spa\u021bii verzi, \u0219coli, cump\u0103r\u0103turi, atmosfer\u0103 \u0219i ce s\u0103 verifici\" \/>\n<meta property=\"og:url\" content=\"https:\/\/rentnbuy.com\/blog\/cartierul-tractorul-brasov\/\" \/>\n<meta property=\"og:site_name\" content=\"rentnbuy\" \/>\n<meta property=\"article:publisher\" content=\"https:\/\/www.facebook.com\/p\/Rentnbuy-61576899304562\/\" \/>\n<meta property=\"article:published_time\" content=\"2026-03-05T09:43:37+00:00\" \/>\n<meta property=\"article:modified_time\" content=\"2026-03-05T09:43:38+00:00\" \/>\n<meta property=\"og:image\" content=\"https:\/\/rentnbuy.com\/blog\/wp-content\/uploads\/2026\/03\/Covers-Articole-SEO-2026-03-05T114308.884.png\" \/>\n\t<meta property=\"og:image:width\" content=\"900\" \/>\n\t<meta property=\"og:image:height\" content=\"600\" \/>\n\t<meta property=\"og:image:type\" content=\"image\/png\" \/>\n<meta name=\"author\" content=\"Calin Roman\" \/>\n<meta name=\"twitter:card\" content=\"summary_large_image\" \/>\n<meta name=\"twitter:label1\" content=\"Written by\" \/>\n\t<meta name=\"twitter:data1\" content=\"Calin Roman\" \/>\n\t<meta name=\"twitter:label2\" content=\"Est. reading time\" \/>\n\t<meta name=\"twitter:data2\" content=\"5 minutes\" \/>\n<script type=\"application\/ld+json\" class=\"yoast-schema-graph\">{\"@context\":\"https:\/\/schema.org\",\"@graph\":[{\"@type\":\"Article\",\"@id\":\"https:\/\/rentnbuy.com\/blog\/cartierul-tractorul-brasov\/#article\",\"isPartOf\":{\"@id\":\"https:\/\/rentnbuy.com\/blog\/cartierul-tractorul-brasov\/\"},\"author\":{\"name\":\"Calin Roman\",\"@id\":\"https:\/\/rentnbuy.com\/blog\/#\/schema\/person\/a50434d530037c7a7dec18795837d31f\"},\"headline\":\"Cartierul Tractorul din Bra\u0219ov: cum s a schimbat \u0219i de ce e at\u00e2t de c\u0103utat\",\"datePublished\":\"2026-03-05T09:43:37+00:00\",\"dateModified\":\"2026-03-05T09:43:38+00:00\",\"mainEntityOfPage\":{\"@id\":\"https:\/\/rentnbuy.com\/blog\/cartierul-tractorul-brasov\/\"},\"wordCount\":1074,\"commentCount\":0,\"publisher\":{\"@id\":\"https:\/\/rentnbuy.com\/blog\/#organization\"},\"image\":{\"@id\":\"https:\/\/rentnbuy.com\/blog\/cartierul-tractorul-brasov\/#primaryimage\"},\"thumbnailUrl\":\"https:\/\/rentnbuy.com\/blog\/wp-content\/uploads\/2026\/03\/Covers-Articole-SEO-2026-03-05T114308.884.png\",\"keywords\":[\"anunturi imobiliare fara comisioane\",\"direct proprietar\",\"rentnbuy\"],\"articleSection\":[\"V\u00e2nz\u0103ri\"],\"inLanguage\":\"en-US\",\"potentialAction\":[{\"@type\":\"CommentAction\",\"name\":\"Comment\",\"target\":[\"https:\/\/rentnbuy.com\/blog\/cartierul-tractorul-brasov\/#respond\"]}]},{\"@type\":\"WebPage\",\"@id\":\"https:\/\/rentnbuy.com\/blog\/cartierul-tractorul-brasov\/\",\"url\":\"https:\/\/rentnbuy.com\/blog\/cartierul-tractorul-brasov\/\",\"name\":\"Cartierul Tractorul din Brasov: zona Coresi, transport, parcuri\",\"isPartOf\":{\"@id\":\"https:\/\/rentnbuy.com\/blog\/#website\"},\"primaryImageOfPage\":{\"@id\":\"https:\/\/rentnbuy.com\/blog\/cartierul-tractorul-brasov\/#primaryimage\"},\"image\":{\"@id\":\"https:\/\/rentnbuy.com\/blog\/cartierul-tractorul-brasov\/#primaryimage\"},\"thumbnailUrl\":\"https:\/\/rentnbuy.com\/blog\/wp-content\/uploads\/2026\/03\/Covers-Articole-SEO-2026-03-05T114308.884.png\",\"datePublished\":\"2026-03-05T09:43:37+00:00\",\"dateModified\":\"2026-03-05T09:43:38+00:00\",\"description\":\"Ghid practic despre Tractorul, Brasov: unde este, microzone, transport, spa\u021bii verzi, \u0219coli, cump\u0103r\u0103turi, atmosfer\u0103 \u0219i ce s\u0103 verifici\",\"breadcrumb\":{\"@id\":\"https:\/\/rentnbuy.com\/blog\/cartierul-tractorul-brasov\/#breadcrumb\"},\"inLanguage\":\"en-US\",\"potentialAction\":[{\"@type\":\"ReadAction\",\"target\":[\"https:\/\/rentnbuy.com\/blog\/cartierul-tractorul-brasov\/\"]}]},{\"@type\":\"ImageObject\",\"inLanguage\":\"en-US\",\"@id\":\"https:\/\/rentnbuy.com\/blog\/cartierul-tractorul-brasov\/#primaryimage\",\"url\":\"https:\/\/rentnbuy.com\/blog\/wp-content\/uploads\/2026\/03\/Covers-Articole-SEO-2026-03-05T114308.884.png\",\"contentUrl\":\"https:\/\/rentnbuy.com\/blog\/wp-content\/uploads\/2026\/03\/Covers-Articole-SEO-2026-03-05T114308.884.png\",\"width\":900,\"height\":600,\"caption\":\"cartierul Tractorul Brasov\"},{\"@type\":\"BreadcrumbList\",\"@id\":\"https:\/\/rentnbuy.com\/blog\/cartierul-tractorul-brasov\/#breadcrumb\",\"itemListElement\":[{\"@type\":\"ListItem\",\"position\":1,\"name\":\"Home\",\"item\":\"https:\/\/rentnbuy.com\/blog\/\"},{\"@type\":\"ListItem\",\"position\":2,\"name\":\"Cartierul Tractorul din Bra\u0219ov: cum s a schimbat \u0219i de ce e at\u00e2t de c\u0103utat\"}]},{\"@type\":\"WebSite\",\"@id\":\"https:\/\/rentnbuy.com\/blog\/#website\",\"url\":\"https:\/\/rentnbuy.com\/blog\/\",\"name\":\"rentnbuy\",\"description\":\"\",\"publisher\":{\"@id\":\"https:\/\/rentnbuy.com\/blog\/#organization\"},\"potentialAction\":[{\"@type\":\"SearchAction\",\"target\":{\"@type\":\"EntryPoint\",\"urlTemplate\":\"https:\/\/rentnbuy.com\/blog\/?s={search_term_string}\"},\"query-input\":{\"@type\":\"PropertyValueSpecification\",\"valueRequired\":true,\"valueName\":\"search_term_string\"}}],\"inLanguage\":\"en-US\"},{\"@type\":\"Organization\",\"@id\":\"https:\/\/rentnbuy.com\/blog\/#organization\",\"name\":\"rentnbuy\",\"url\":\"https:\/\/rentnbuy.com\/blog\/\",\"logo\":{\"@type\":\"ImageObject\",\"inLanguage\":\"en-US\",\"@id\":\"https:\/\/rentnbuy.com\/blog\/#\/schema\/logo\/image\/\",\"url\":\"https:\/\/rentnbuy.com\/blog\/wp-content\/uploads\/2025\/10\/V2-Logo-Rentnbuy.png\",\"contentUrl\":\"https:\/\/rentnbuy.com\/blog\/wp-content\/uploads\/2025\/10\/V2-Logo-Rentnbuy.png\",\"width\":1000,\"height\":1000,\"caption\":\"rentnbuy\"},\"image\":{\"@id\":\"https:\/\/rentnbuy.com\/blog\/#\/schema\/logo\/image\/\"},\"sameAs\":[\"https:\/\/www.facebook.com\/p\/Rentnbuy-61576899304562\/\",\"https:\/\/www.instagram.com\/rentnbuy_romania\/\",\"https:\/\/www.linkedin.com\/company\/rentnbuy1\/?originalSubdomain=ro\"]},{\"@type\":\"Person\",\"@id\":\"https:\/\/rentnbuy.com\/blog\/#\/schema\/person\/a50434d530037c7a7dec18795837d31f\",\"name\":\"Calin Roman\",\"image\":{\"@type\":\"ImageObject\",\"inLanguage\":\"en-US\",\"@id\":\"https:\/\/rentnbuy.com\/blog\/#\/schema\/person\/image\/\",\"url\":\"https:\/\/secure.gravatar.com\/avatar\/a62b4f3f768d03df6e3538808d01d9377a46f9d0ba90b0b10ce6e89398bf1a7a?s=96&d=mm&r=g\",\"contentUrl\":\"https:\/\/secure.gravatar.com\/avatar\/a62b4f3f768d03df6e3538808d01d9377a46f9d0ba90b0b10ce6e89398bf1a7a?s=96&d=mm&r=g\",\"caption\":\"Calin Roman\"},\"description\":\"C\u0103lin Roman este Chief Marketing Officer \u00een cadrul rentnbuy. Este specializat \u00een marketing comportamental si pozitionare strategic\u0103, cu focus pe startup-uri \u0219i produse tech.\",\"sameAs\":[\"https:\/\/rentnbuy.com\/blog\",\"https:\/\/www.linkedin.com\/in\/calin-roman-560598151\/\"],\"url\":\"https:\/\/rentnbuy.com\/blog\/author\/direct\/\"}]}<\/script>\n<!-- \/ Yoast SEO plugin. -->","yoast_head_json":{"title":"Cartierul Tractorul din Brasov: zona Coresi, transport, parcuri","description":"Ghid practic despre Tractorul, Brasov: unde este, microzone, transport, spa\u021bii verzi, \u0219coli, cump\u0103r\u0103turi, atmosfer\u0103 \u0219i ce s\u0103 verifici","robots":{"index":"index","follow":"follow","max-snippet":"max-snippet:-1","max-image-preview":"max-image-preview:large","max-video-preview":"max-video-preview:-1"},"canonical":"https:\/\/rentnbuy.com\/blog\/cartierul-tractorul-brasov\/","og_locale":"en_US","og_type":"article","og_title":"Cartierul Tractorul din Brasov: zona Coresi, transport, parcuri","og_description":"Ghid practic despre Tractorul, Brasov: unde este, microzone, transport, spa\u021bii verzi, \u0219coli, cump\u0103r\u0103turi, atmosfer\u0103 \u0219i ce s\u0103 verifici","og_url":"https:\/\/rentnbuy.com\/blog\/cartierul-tractorul-brasov\/","og_site_name":"rentnbuy","article_publisher":"https:\/\/www.facebook.com\/p\/Rentnbuy-61576899304562\/","article_published_time":"2026-03-05T09:43:37+00:00","article_modified_time":"2026-03-05T09:43:38+00:00","og_image":[{"width":900,"height":600,"url":"https:\/\/rentnbuy.com\/blog\/wp-content\/uploads\/2026\/03\/Covers-Articole-SEO-2026-03-05T114308.884.png","type":"image\/png"}],"author":"Calin Roman","twitter_card":"summary_large_image","twitter_misc":{"Written by":"Calin Roman","Est. reading time":"5 minutes"},"schema":{"@context":"https:\/\/schema.org","@graph":[{"@type":"Article","@id":"https:\/\/rentnbuy.com\/blog\/cartierul-tractorul-brasov\/#article","isPartOf":{"@id":"https:\/\/rentnbuy.com\/blog\/cartierul-tractorul-brasov\/"},"author":{"name":"Calin Roman","@id":"https:\/\/rentnbuy.com\/blog\/#\/schema\/person\/a50434d530037c7a7dec18795837d31f"},"headline":"Cartierul Tractorul din Bra\u0219ov: cum s a schimbat \u0219i de ce e at\u00e2t de c\u0103utat","datePublished":"2026-03-05T09:43:37+00:00","dateModified":"2026-03-05T09:43:38+00:00","mainEntityOfPage":{"@id":"https:\/\/rentnbuy.com\/blog\/cartierul-tractorul-brasov\/"},"wordCount":1074,"commentCount":0,"publisher":{"@id":"https:\/\/rentnbuy.com\/blog\/#organization"},"image":{"@id":"https:\/\/rentnbuy.com\/blog\/cartierul-tractorul-brasov\/#primaryimage"},"thumbnailUrl":"https:\/\/rentnbuy.com\/blog\/wp-content\/uploads\/2026\/03\/Covers-Articole-SEO-2026-03-05T114308.884.png","keywords":["anunturi imobiliare fara comisioane","direct proprietar","rentnbuy"],"articleSection":["V\u00e2nz\u0103ri"],"inLanguage":"en-US","potentialAction":[{"@type":"CommentAction","name":"Comment","target":["https:\/\/rentnbuy.com\/blog\/cartierul-tractorul-brasov\/#respond"]}]},{"@type":"WebPage","@id":"https:\/\/rentnbuy.com\/blog\/cartierul-tractorul-brasov\/","url":"https:\/\/rentnbuy.com\/blog\/cartierul-tractorul-brasov\/","name":"Cartierul Tractorul din Brasov: zona Coresi, transport, parcuri","isPartOf":{"@id":"https:\/\/rentnbuy.com\/blog\/#website"},"primaryImageOfPage":{"@id":"https:\/\/rentnbuy.com\/blog\/cartierul-tractorul-brasov\/#primaryimage"},"image":{"@id":"https:\/\/rentnbuy.com\/blog\/cartierul-tractorul-brasov\/#primaryimage"},"thumbnailUrl":"https:\/\/rentnbuy.com\/blog\/wp-content\/uploads\/2026\/03\/Covers-Articole-SEO-2026-03-05T114308.884.png","datePublished":"2026-03-05T09:43:37+00:00","dateModified":"2026-03-05T09:43:38+00:00","description":"Ghid practic despre Tractorul, Brasov: unde este, microzone, transport, spa\u021bii verzi, \u0219coli, cump\u0103r\u0103turi, atmosfer\u0103 \u0219i ce s\u0103 verifici","breadcrumb":{"@id":"https:\/\/rentnbuy.com\/blog\/cartierul-tractorul-brasov\/#breadcrumb"},"inLanguage":"en-US","potentialAction":[{"@type":"ReadAction","target":["https:\/\/rentnbuy.com\/blog\/cartierul-tractorul-brasov\/"]}]},{"@type":"ImageObject","inLanguage":"en-US","@id":"https:\/\/rentnbuy.com\/blog\/cartierul-tractorul-brasov\/#primaryimage","url":"https:\/\/rentnbuy.com\/blog\/wp-content\/uploads\/2026\/03\/Covers-Articole-SEO-2026-03-05T114308.884.png","contentUrl":"https:\/\/rentnbuy.com\/blog\/wp-content\/uploads\/2026\/03\/Covers-Articole-SEO-2026-03-05T114308.884.png","width":900,"height":600,"caption":"cartierul Tractorul Brasov"},{"@type":"BreadcrumbList","@id":"https:\/\/rentnbuy.com\/blog\/cartierul-tractorul-brasov\/#breadcrumb","itemListElement":[{"@type":"ListItem","position":1,"name":"Home","item":"https:\/\/rentnbuy.com\/blog\/"},{"@type":"ListItem","position":2,"name":"Cartierul Tractorul din Bra\u0219ov: cum s a schimbat \u0219i de ce e at\u00e2t de c\u0103utat"}]},{"@type":"WebSite","@id":"https:\/\/rentnbuy.com\/blog\/#website","url":"https:\/\/rentnbuy.com\/blog\/","name":"rentnbuy","description":"","publisher":{"@id":"https:\/\/rentnbuy.com\/blog\/#organization"},"potentialAction":[{"@type":"SearchAction","target":{"@type":"EntryPoint","urlTemplate":"https:\/\/rentnbuy.com\/blog\/?s={search_term_string}"},"query-input":{"@type":"PropertyValueSpecification","valueRequired":true,"valueName":"search_term_string"}}],"inLanguage":"en-US"},{"@type":"Organization","@id":"https:\/\/rentnbuy.com\/blog\/#organization","name":"rentnbuy","url":"https:\/\/rentnbuy.com\/blog\/","logo":{"@type":"ImageObject","inLanguage":"en-US","@id":"https:\/\/rentnbuy.com\/blog\/#\/schema\/logo\/image\/","url":"https:\/\/rentnbuy.com\/blog\/wp-content\/uploads\/2025\/10\/V2-Logo-Rentnbuy.png","contentUrl":"https:\/\/rentnbuy.com\/blog\/wp-content\/uploads\/2025\/10\/V2-Logo-Rentnbuy.png","width":1000,"height":1000,"caption":"rentnbuy"},"image":{"@id":"https:\/\/rentnbuy.com\/blog\/#\/schema\/logo\/image\/"},"sameAs":["https:\/\/www.facebook.com\/p\/Rentnbuy-61576899304562\/","https:\/\/www.instagram.com\/rentnbuy_romania\/","https:\/\/www.linkedin.com\/company\/rentnbuy1\/?originalSubdomain=ro"]},{"@type":"Person","@id":"https:\/\/rentnbuy.com\/blog\/#\/schema\/person\/a50434d530037c7a7dec18795837d31f","name":"Calin Roman","image":{"@type":"ImageObject","inLanguage":"en-US","@id":"https:\/\/rentnbuy.com\/blog\/#\/schema\/person\/image\/","url":"https:\/\/secure.gravatar.com\/avatar\/a62b4f3f768d03df6e3538808d01d9377a46f9d0ba90b0b10ce6e89398bf1a7a?s=96&d=mm&r=g","contentUrl":"https:\/\/secure.gravatar.com\/avatar\/a62b4f3f768d03df6e3538808d01d9377a46f9d0ba90b0b10ce6e89398bf1a7a?s=96&d=mm&r=g","caption":"Calin Roman"},"description":"C\u0103lin Roman este Chief Marketing Officer \u00een cadrul rentnbuy. Este specializat \u00een marketing comportamental si pozitionare strategic\u0103, cu focus pe startup-uri \u0219i produse tech.","sameAs":["https:\/\/rentnbuy.com\/blog","https:\/\/www.linkedin.com\/in\/calin-roman-560598151\/"],"url":"https:\/\/rentnbuy.com\/blog\/author\/direct\/"}]}},"_links":{"self":[{"href":"https:\/\/rentnbuy.com\/blog\/wp-json\/wp\/v2\/posts\/364","targetHints":{"allow":["GET"]}}],"collection":[{"href":"https:\/\/rentnbuy.com\/blog\/wp-json\/wp\/v2\/posts"}],"about":[{"href":"https:\/\/rentnbuy.com\/blog\/wp-json\/wp\/v2\/types\/post"}],"author":[{"embeddable":true,"href":"https:\/\/rentnbuy.com\/blog\/wp-json\/wp\/v2\/users\/1"}],"replies":[{"embeddable":true,"href":"https:\/\/rentnbuy.com\/blog\/wp-json\/wp\/v2\/comments?post=364"}],"version-history":[{"count":1,"href":"https:\/\/rentnbuy.com\/blog\/wp-json\/wp\/v2\/posts\/364\/revisions"}],"predecessor-version":[{"id":366,"href":"https:\/\/rentnbuy.com\/blog\/wp-json\/wp\/v2\/posts\/364\/revisions\/366"}],"wp:featuredmedia":[{"embeddable":true,"href":"https:\/\/rentnbuy.com\/blog\/wp-json\/wp\/v2\/media\/365"}],"wp:attachment":[{"href":"https:\/\/rentnbuy.com\/blog\/wp-json\/wp\/v2\/media?parent=364"}],"wp:term":[{"taxonomy":"category","embeddable":true,"href":"https:\/\/rentnbuy.com\/blog\/wp-json\/wp\/v2\/categories?post=364"},{"taxonomy":"post_tag","embeddable":true,"href":"https:\/\/rentnbuy.com\/blog\/wp-json\/wp\/v2\/tags?post=364"}],"curies":[{"name":"wp","href":"https:\/\/api.w.org\/{rel}","templated":true}]}}